{"id":1077,"date":"2016-01-27T14:16:57","date_gmt":"2016-01-27T13:16:57","guid":{"rendered":"https:\/\/www.migreo.de\/fa\/?p=1077"},"modified":"2016-01-27T14:16:57","modified_gmt":"2016-01-27T13:16:57","slug":"dorra-uslu-ist-neue-koordinatorin-persisch","status":"publish","type":"post","link":"https:\/\/migreo.de\/fa\/dorra-uslu-ist-neue-koordinatorin-persisch\/","title":{"rendered":"Dorra Uslu ist neue Koordinatorin (persisch)"},"content":{"rendered":"<p>Dorra Uslu ist neue Koordinatorin der <a href=\"https:\/\/www.engagiertestadt.de\/\" target=\"_blank\">Engagierten Stadt<\/a>. Sie ist ebenfalls Ansprechpartnerin f\u00fcr das Fl\u00fcNet und so zu erreichen:<\/p>\n<p>Montags von 9 bis 15 Uhr<\/p>\n<p>Kompetenzzentrum Forst<\/p>\n<p>Gubener Stra\u00dfe 30a<\/p>\n<p>Mail: dorra.uslu@kom-for.de<\/p>\n<p>Tel: 0175 9456690<\/p>\n","protected":false},"excerpt":{"rendered":"<p>Dorra Uslu ist neue Koordinatorin der Engagierten Stadt. Sie ist ebenfalls Ansprechpartnerin f\u00fcr das Fl\u00fcNet und so zu erreichen: Montags von 9 bis 15 Uhr Kompetenzzentrum Forst Gubener Stra\u00dfe 30a Mail: dorra.uslu@kom-for.de Tel: 0175 9456690<\/p>\n","protected":false},"author":10,"featured_media":0,"comment_status":"open","ping_status":"open","sticky":false,"template":"","format":"standard","meta":{"_mi_skip_tracking":false,"_monsterinsights_sitenote_active":false,"_monsterinsights_sitenote_note":"","_monsterinsights_sitenote_category":0,"footnotes":""},"categories":[15],"tags":[],"yoast_head":"<!-- This site is optimized with the Yoast SEO plugin v21.5 - https:\/\/yoast.com\/wordpress\/plugins\/seo\/ -->\n<title>Dorra Uslu ist neue Koordinatorin (persisch) - FNB_Alt<\/title>\n<meta name=\"robots\" content=\"index, follow, max-snippet:-1, max-image-preview:large, max-video-preview:-1\" \/>\n<link rel=\"canonical\" href=\"https:\/\/migreo.de\/fa\/dorra-uslu-ist-neue-koordinatorin-persisch\/\" \/>\n<meta property=\"og:locale\" content=\"fa_IR\" \/>\n<meta property=\"og:type\" content=\"article\" \/>\n<meta property=\"og:title\" content=\"Dorra Uslu ist neue Koordinatorin (persisch) - FNB_Alt\" \/>\n<meta property=\"og:description\" content=\"Dorra Uslu ist neue Koordinatorin der Engagierten Stadt. Sie ist ebenfalls Ansprechpartnerin f\u00fcr das Fl\u00fcNet und so zu erreichen: Montags von 9 bis 15 Uhr Kompetenzzentrum Forst Gubener Stra\u00dfe 30a Mail: dorra.uslu@kom-for.de Tel: 0175 9456690\" \/>\n<meta property=\"og:url\" content=\"https:\/\/migreo.de\/fa\/dorra-uslu-ist-neue-koordinatorin-persisch\/\" \/>\n<meta property=\"og:site_name\" content=\"FNB_Alt\" \/>\n<meta property=\"article:published_time\" content=\"2016-01-27T13:16:57+00:00\" \/>\n<meta name=\"author\" content=\"Christian Swiekatowski\" \/>\n<meta name=\"twitter:card\" content=\"summary_large_image\" \/>\n<meta name=\"twitter:label1\" content=\"\u0646\u0648\u0634\u062a\u0647\u200c\u0634\u062f\u0647 \u0628\u062f\u0633\u062a\" \/>\n\t<meta name=\"twitter:data1\" content=\"Christian Swiekatowski\" \/>\n<script type=\"application\/ld+json\" class=\"yoast-schema-graph\">{\"@context\":\"https:\/\/schema.org\",\"@graph\":[{\"@type\":\"WebPage\",\"@id\":\"https:\/\/migreo.de\/fa\/dorra-uslu-ist-neue-koordinatorin-persisch\/\",\"url\":\"https:\/\/migreo.de\/fa\/dorra-uslu-ist-neue-koordinatorin-persisch\/\",\"name\":\"Dorra Uslu ist neue Koordinatorin (persisch) - FNB_Alt\",\"isPartOf\":{\"@id\":\"https:\/\/migreo.de\/#website\"},\"datePublished\":\"2016-01-27T13:16:57+00:00\",\"dateModified\":\"2016-01-27T13:16:57+00:00\",\"author\":{\"@id\":\"https:\/\/migreo.de\/#\/schema\/person\/b8f4c3bac6ccc01147c2ac458b3d64ad\"},\"breadcrumb\":{\"@id\":\"https:\/\/migreo.de\/fa\/dorra-uslu-ist-neue-koordinatorin-persisch\/#breadcrumb\"},\"inLanguage\":\"fa-IR\",\"potentialAction\":[{\"@type\":\"ReadAction\",\"target\":[\"https:\/\/migreo.de\/fa\/dorra-uslu-ist-neue-koordinatorin-persisch\/\"]}]},{\"@type\":\"BreadcrumbList\",\"@id\":\"https:\/\/migreo.de\/fa\/dorra-uslu-ist-neue-koordinatorin-persisch\/#breadcrumb\",\"itemListElement\":[{\"@type\":\"ListItem\",\"position\":1,\"name\":\"Startseite\",\"item\":\"https:\/\/migreo.de\/coming-soon\/\"},{\"@type\":\"ListItem\",\"position\":2,\"name\":\"Dorra Uslu ist neue Koordinatorin (persisch)\"}]},{\"@type\":\"WebSite\",\"@id\":\"https:\/\/migreo.de\/#website\",\"url\":\"https:\/\/migreo.de\/\",\"name\":\"FNB_Alt\",\"description\":\"\",\"potentialAction\":[{\"@type\":\"SearchAction\",\"target\":{\"@type\":\"EntryPoint\",\"urlTemplate\":\"https:\/\/migreo.de\/?s={search_term_string}\"},\"query-input\":\"required name=search_term_string\"}],\"inLanguage\":\"fa-IR\"},{\"@type\":\"Person\",\"@id\":\"https:\/\/migreo.de\/#\/schema\/person\/b8f4c3bac6ccc01147c2ac458b3d64ad\",\"name\":\"Christian Swiekatowski\",\"image\":{\"@type\":\"ImageObject\",\"inLanguage\":\"fa-IR\",\"@id\":\"https:\/\/migreo.de\/#\/schema\/person\/image\/\",\"url\":\"https:\/\/secure.gravatar.com\/avatar\/478d7902cf90b7e301a565126a68b95d?s=96&d=mm&r=g\",\"contentUrl\":\"https:\/\/secure.gravatar.com\/avatar\/478d7902cf90b7e301a565126a68b95d?s=96&d=mm&r=g\",\"caption\":\"Christian Swiekatowski\"},\"url\":\"https:\/\/migreo.de\/fa\/author\/christian-s\/\"}]}<\/script>\n<!-- \/ Yoast SEO plugin. -->","yoast_head_json":{"title":"Dorra Uslu ist neue Koordinatorin (persisch) - FNB_Alt","robots":{"index":"index","follow":"follow","max-snippet":"max-snippet:-1","max-image-preview":"max-image-preview:large","max-video-preview":"max-video-preview:-1"},"canonical":"https:\/\/migreo.de\/fa\/dorra-uslu-ist-neue-koordinatorin-persisch\/","og_locale":"fa_IR","og_type":"article","og_title":"Dorra Uslu ist neue Koordinatorin (persisch) - FNB_Alt","og_description":"Dorra Uslu ist neue Koordinatorin der Engagierten Stadt. Sie ist ebenfalls Ansprechpartnerin f\u00fcr das Fl\u00fcNet und so zu erreichen: Montags von 9 bis 15 Uhr Kompetenzzentrum Forst Gubener Stra\u00dfe 30a Mail: dorra.uslu@kom-for.de Tel: 0175 9456690","og_url":"https:\/\/migreo.de\/fa\/dorra-uslu-ist-neue-koordinatorin-persisch\/","og_site_name":"FNB_Alt","article_published_time":"2016-01-27T13:16:57+00:00","author":"Christian Swiekatowski","twitter_card":"summary_large_image","twitter_misc":{"\u0646\u0648\u0634\u062a\u0647\u200c\u0634\u062f\u0647 \u0628\u062f\u0633\u062a":"Christian Swiekatowski"},"schema":{"@context":"https:\/\/schema.org","@graph":[{"@type":"WebPage","@id":"https:\/\/migreo.de\/fa\/dorra-uslu-ist-neue-koordinatorin-persisch\/","url":"https:\/\/migreo.de\/fa\/dorra-uslu-ist-neue-koordinatorin-persisch\/","name":"Dorra Uslu ist neue Koordinatorin (persisch) - FNB_Alt","isPartOf":{"@id":"https:\/\/migreo.de\/#website"},"datePublished":"2016-01-27T13:16:57+00:00","dateModified":"2016-01-27T13:16:57+00:00","author":{"@id":"https:\/\/migreo.de\/#\/schema\/person\/b8f4c3bac6ccc01147c2ac458b3d64ad"},"breadcrumb":{"@id":"https:\/\/migreo.de\/fa\/dorra-uslu-ist-neue-koordinatorin-persisch\/#breadcrumb"},"inLanguage":"fa-IR","potentialAction":[{"@type":"ReadAction","target":["https:\/\/migreo.de\/fa\/dorra-uslu-ist-neue-koordinatorin-persisch\/"]}]},{"@type":"BreadcrumbList","@id":"https:\/\/migreo.de\/fa\/dorra-uslu-ist-neue-koordinatorin-persisch\/#breadcrumb","itemListElement":[{"@type":"ListItem","position":1,"name":"Startseite","item":"https:\/\/migreo.de\/coming-soon\/"},{"@type":"ListItem","position":2,"name":"Dorra Uslu ist neue Koordinatorin (persisch)"}]},{"@type":"WebSite","@id":"https:\/\/migreo.de\/#website","url":"https:\/\/migreo.de\/","name":"FNB_Alt","description":"","potentialAction":[{"@type":"SearchAction","target":{"@type":"EntryPoint","urlTemplate":"https:\/\/migreo.de\/?s={search_term_string}"},"query-input":"required name=search_term_string"}],"inLanguage":"fa-IR"},{"@type":"Person","@id":"https:\/\/migreo.de\/#\/schema\/person\/b8f4c3bac6ccc01147c2ac458b3d64ad","name":"Christian Swiekatowski","image":{"@type":"ImageObject","inLanguage":"fa-IR","@id":"https:\/\/migreo.de\/#\/schema\/person\/image\/","url":"https:\/\/secure.gravatar.com\/avatar\/478d7902cf90b7e301a565126a68b95d?s=96&d=mm&r=g","contentUrl":"https:\/\/secure.gravatar.com\/avatar\/478d7902cf90b7e301a565126a68b95d?s=96&d=mm&r=g","caption":"Christian Swiekatowski"},"url":"https:\/\/migreo.de\/fa\/author\/christian-s\/"}]}},"_links":{"self":[{"href":"https:\/\/migreo.de\/fa\/wp-json\/wp\/v2\/posts\/1077"}],"collection":[{"href":"https:\/\/migreo.de\/fa\/wp-json\/wp\/v2\/posts"}],"about":[{"href":"https:\/\/migreo.de\/fa\/wp-json\/wp\/v2\/types\/post"}],"author":[{"embeddable":true,"href":"https:\/\/migreo.de\/fa\/wp-json\/wp\/v2\/users\/10"}],"replies":[{"embeddable":true,"href":"https:\/\/migreo.de\/fa\/wp-json\/wp\/v2\/comments?post=1077"}],"version-history":[{"count":1,"href":"https:\/\/migreo.de\/fa\/wp-json\/wp\/v2\/posts\/1077\/revisions"}],"predecessor-version":[{"id":1078,"href":"https:\/\/migreo.de\/fa\/wp-json\/wp\/v2\/posts\/1077\/revisions\/1078"}],"wp:attachment":[{"href":"https:\/\/migreo.de\/fa\/wp-json\/wp\/v2\/media?parent=1077"}],"wp:term":[{"taxonomy":"category","embeddable":true,"href":"https:\/\/migreo.de\/fa\/wp-json\/wp\/v2\/categories?post=1077"},{"taxonomy":"post_tag","embeddable":true,"href":"https:\/\/migreo.de\/fa\/wp-json\/wp\/v2\/tags?post=1077"}],"curies":[{"name":"wp","href":"https:\/\/api.w.org\/{rel}","templated":true}]}}